{"id":3100,"date":"2025-12-02T22:41:08","date_gmt":"2025-12-02T22:41:08","guid":{"rendered":"https:\/\/consejoguerrero.gob.mx\/cpp\/?p=3100"},"modified":"2025-12-02T22:41:18","modified_gmt":"2025-12-02T22:41:18","slug":"comunicado-de-prensa","status":"publish","type":"post","link":"https:\/\/consejoguerrero.gob.mx\/cpp\/2025\/12\/3100","title":{"rendered":"COMUNICADO DE PRENSA"},"content":{"rendered":"<h2 class=\" wp-block-heading eplus-wrapper eplus-styles-uid-20a215\">El Consejo Guerrero presenta la obra \u201cRodolfo Neri Vela: De Guerrero al Espacio\u201d<br>Un homenaje al primer astronauta mexicano y referente cient\u00edfico nacional.<\/h2>\n\n\n<figure class=\" wp-block-image size-large eplus-wrapper\"><img loading=\"lazy\" decoding=\"async\" width=\"1024\" height=\"724\" src=\"https:\/\/consejoguerrero.gob.mx\/cpp\/wp-content\/uploads\/2025\/12\/Portada-RNV-1024x724.png\" alt=\"\" class=\"wp-image-3103\" srcset=\"https:\/\/consejoguerrero.gob.mx\/cpp\/wp-content\/uploads\/2025\/12\/Portada-RNV-1024x724.png 1024w, https:\/\/consejoguerrero.gob.mx\/cpp\/wp-content\/uploads\/2025\/12\/Portada-RNV-300x212.png 300w, https:\/\/consejoguerrero.gob.mx\/cpp\/wp-content\/uploads\/2025\/12\/Portada-RNV-768x543.png 768w, https:\/\/consejoguerrero.gob.mx\/cpp\/wp-content\/uploads\/2025\/12\/Portada-RNV-280x198.png 280w, https:\/\/consejoguerrero.gob.mx\/cpp\/wp-content\/uploads\/2025\/12\/Portada-RNV.png 1123w\" sizes=\"auto, (max-width: 1024px) 100vw, 1024px\" \/><\/figure>\n\n\n<p class=\" eplus-wrapper eplus-styles-uid-b5b432\">Chilpancingo, Guerrero.\u2014 El Consejo de Pol\u00edticas P\u00fablicas del Estado de Guerrero (Consejo Guerrero) anuncia la publicaci\u00f3n de la obra \u201cRodolfo Neri Vela: De Guerrero al Espacio\u201d, un libro que honra la trayectoria del destacado cient\u00edfico chilpancingue\u00f1o, primer mexicano en viajar al espacio y s\u00edmbolo de orgullo para la entidad. Su hist\u00f3rica participaci\u00f3n en la misi\u00f3n STS-61B del transbordador Atlantis, el 26 de noviembre de 1985, permiti\u00f3 la puesta en \u00f3rbita del sat\u00e9lite mexicano Morelos II, un hito para la ciencia y tecnolog\u00eda nacionales.<\/p>\n\n<p class=\" eplus-wrapper eplus-styles-uid-b5b432\"><strong>Celebraci\u00f3n a una vida dedicada a la ciencia.<\/strong><\/p>\n\n<p class=\" eplus-wrapper eplus-styles-uid-b5b432\">La publicaci\u00f3n re\u00fane los principales aportes cient\u00edficos, acad\u00e9micos y literarios del Dr. Rodolfo Neri Vela, ingeniero en Comunicaciones y Electr\u00f3nica por la UNAM, con posgrados en el Reino Unido respaldados por becas del CONACYT y del Consejo Brit\u00e1nico.<\/p>\n\n<p class=\" eplus-wrapper eplus-styles-uid-b5b432\">Con m\u00e1s de tres d\u00e9cadas de docencia en instituciones de educaci\u00f3n superior y una prol\u00edfica producci\u00f3n de libros de texto y divulgaci\u00f3n, sus obras se utilizan en la UNAM, el IPN y universidades dentro y fuera del pa\u00eds. El Dr. Neri Vela tambi\u00e9n fue un actor clave en la creaci\u00f3n de la Agencia Espacial Mexicana (AEM) y colabor\u00f3 con la Agencia Espacial Europea (ESA) en el dise\u00f1o de la Estaci\u00f3n Espacial Alfa.<\/p>\n\n<p class=\" eplus-wrapper eplus-styles-uid-b5b432\"><strong>Impulso al proyecto \u201cGuerrero en el Espacio\u201d.<\/strong><\/p>\n\n<p class=\" eplus-wrapper eplus-styles-uid-b5b432\">Este libro es una publicaci\u00f3n original del Consejo Guerrero, \u00f3rgano t\u00e9cnico del Poder Ejecutivo estatal encargado de la planificaci\u00f3n de pol\u00edticas p\u00fablicas. La colaboraci\u00f3n con el Dr. Neri Vela forma parte de una estrategia integral del Gobierno del Estado impulsada por la Gobernadora Evelyn Cesia Salgado Pineda, para acercar la ciencia, la investigaci\u00f3n y la innovaci\u00f3n a la juventud guerrerense.<\/p>\n\n<p class=\" eplus-wrapper eplus-styles-uid-b5b432\">En el marco del proyecto \u201cGuerrero en el Espacio\u201d, el Dr. Neri Vela ha participado como asesor en materia espacial y ha ofrecido conferencias magistrales en casi todos los municipios de Guerrero, inspirando a ni\u00f1as, ni\u00f1os y j\u00f3venes a desarrollar vocaciones cient\u00edficas y proyectos de vida vinculados a las ciencias.<\/p>\n\n<p class=\" eplus-wrapper eplus-styles-uid-b5b432\"><strong>Reconocimiento hist\u00f3rico en el Senado de la Rep\u00fablica.<\/strong><\/p>\n\n<p class=\" eplus-wrapper eplus-styles-uid-b5b432\">El Consejo Guerrero celebra tambi\u00e9n la iniciativa del Senador F\u00e9lix Salgado Macedonio, para impulsar la aprobaci\u00f3n en forma un\u00e1nime por el Senado de la Rep\u00fablica, para inscribir el nombre de Rodolfo Neri Vela en el Muro de Honor del Sal\u00f3n de Sesiones, donde se colocar\u00e1 la leyenda:<\/p>\n\n<p class=\" eplus-wrapper eplus-styles-uid-b5b432\"><strong>\u201cRodolfo Neri Vela, primer mexicano en ir al espacio, 1985\u201d.<\/strong><\/p>\n\n<p class=\" eplus-wrapper eplus-styles-uid-b5b432\">El decreto fue publicado en el Diario Oficial de la Federaci\u00f3n el 15 de abril de 2025 y constituye un reconocimiento permanente a su legado como referente cient\u00edfico y ejemplo de disciplina, esfuerzo y dedicaci\u00f3n para las nuevas generaciones.<\/p>\n\n\n<p class=\" eplus-wrapper\"><\/p>\n\n\n\n<div class=\"wp-block-pdf-viewer-block-standard\" style=\"text-align:left\"><div class=\"uploaded-pdf\"><a href=\"https:\/\/consejoguerrero.gob.mx\/cpp\/wp-content\/uploads\/2025\/12\/Rodolfo-Neri-Vela_-De-Guerrero-al-Espacio.pdf\" data-width=\"\" data-height=\"\"><\/a><\/div><\/div>\n","protected":false},"excerpt":{"rendered":"<p>El Consejo Guerrero presenta la obra \u201cRodolfo Neri Vela: De Guerrero al Espacio\u201dUn homenaje al primer astronauta mexicano y referente cient\u00edfico nacional. Chilpancingo, Guerrero.\u2014 El Consejo de Pol\u00edticas P\u00fablicas del &#8230;<\/p>\n","protected":false},"author":3,"featured_media":3103,"comment_status":"closed","ping_status":"open","sticky":false,"template":"","format":"standard","meta":{"advgb_blocks_editor_width":"","advgb_blocks_columns_visual_guide":"","editor_plus_copied_stylings":"{}","footnotes":""},"categories":[47],"tags":[],"class_list":["post-3100","post","type-post","status-publish","format-standard","has-post-thumbnail","hentry","category-gee"],"aioseo_notices":[],"author_meta":{"display_name":"Consejo Guerrero","author_link":"https:\/\/consejoguerrero.gob.mx\/cpp\/author\/consejo"},"featured_img":"https:\/\/consejoguerrero.gob.mx\/cpp\/wp-content\/uploads\/2025\/12\/Portada-RNV-300x212.png","featured_image_src":"https:\/\/consejoguerrero.gob.mx\/cpp\/wp-content\/uploads\/2025\/12\/Portada-RNV.png","featured_image_src_square":"https:\/\/consejoguerrero.gob.mx\/cpp\/wp-content\/uploads\/2025\/12\/Portada-RNV.png","author_info":{"display_name":"Consejo Guerrero","author_link":"https:\/\/consejoguerrero.gob.mx\/cpp\/author\/consejo"},"rbea_author_info":{"display_name":"Consejo Guerrero","author_link":"https:\/\/consejoguerrero.gob.mx\/cpp\/author\/consejo"},"rbea_excerpt_info":"El Consejo Guerrero presenta la obra \u201cRodolfo Neri Vela: De Guerrero al Espacio\u201dUn homenaje al primer astronauta mexicano y referente cient\u00edfico nacional. Chilpancingo, Guerrero.\u2014 El Consejo de Pol\u00edticas P\u00fablicas del ...","category_list":"<a href=\"https:\/\/consejoguerrero.gob.mx\/cpp\/category\/gee\" rel=\"category tag\">Guerrero en el Espacio<\/a>","comments_num":"0 comments","coauthors":[],"tax_additional":{"categories":{"linked":["<a href=\"https:\/\/consejoguerrero.gob.mx\/cpp\/category\/gee\" class=\"advgb-post-tax-term\">Guerrero en el Espacio<\/a>"],"unlinked":["<span class=\"advgb-post-tax-term\">Guerrero en el Espacio<\/span>"]}},"comment_count":"0","relative_dates":{"created":"Publicado 5 meses hace","modified":"Actualizado 5 meses hace"},"absolute_dates":{"created":"Publicado el diciembre 2, 2025","modified":"Actualizado el diciembre 2, 2025"},"absolute_dates_time":{"created":"Publicado el diciembre 2, 2025 10:41 pm","modified":"Actualizado el diciembre 2, 2025 10:41 pm"},"featured_img_caption":"","series_order":"","_links":{"self":[{"href":"https:\/\/consejoguerrero.gob.mx\/cpp\/wp-json\/wp\/v2\/posts\/3100","targetHints":{"allow":["GET"]}}],"collection":[{"href":"https:\/\/consejoguerrero.gob.mx\/cpp\/wp-json\/wp\/v2\/posts"}],"about":[{"href":"https:\/\/consejoguerrero.gob.mx\/cpp\/wp-json\/wp\/v2\/types\/post"}],"author":[{"embeddable":true,"href":"https:\/\/consejoguerrero.gob.mx\/cpp\/wp-json\/wp\/v2\/users\/3"}],"replies":[{"embeddable":true,"href":"https:\/\/consejoguerrero.gob.mx\/cpp\/wp-json\/wp\/v2\/comments?post=3100"}],"version-history":[{"count":2,"href":"https:\/\/consejoguerrero.gob.mx\/cpp\/wp-json\/wp\/v2\/posts\/3100\/revisions"}],"predecessor-version":[{"id":3105,"href":"https:\/\/consejoguerrero.gob.mx\/cpp\/wp-json\/wp\/v2\/posts\/3100\/revisions\/3105"}],"wp:featuredmedia":[{"embeddable":true,"href":"https:\/\/consejoguerrero.gob.mx\/cpp\/wp-json\/wp\/v2\/media\/3103"}],"wp:attachment":[{"href":"https:\/\/consejoguerrero.gob.mx\/cpp\/wp-json\/wp\/v2\/media?parent=3100"}],"wp:term":[{"taxonomy":"category","embeddable":true,"href":"https:\/\/consejoguerrero.gob.mx\/cpp\/wp-json\/wp\/v2\/categories?post=3100"},{"taxonomy":"post_tag","embeddable":true,"href":"https:\/\/consejoguerrero.gob.mx\/cpp\/wp-json\/wp\/v2\/tags?post=3100"}],"curies":[{"name":"wp","href":"https:\/\/api.w.org\/{rel}","templated":true}]}}