{"id":2941,"date":"2025-04-01T15:36:16","date_gmt":"2025-04-01T15:36:16","guid":{"rendered":"https:\/\/consejoguerrero.gob.mx\/cpp\/?p=2941"},"modified":"2025-04-01T16:32:31","modified_gmt":"2025-04-01T16:32:31","slug":"mexico-ante-un-nuevo-embate-comercial-aranceles-de-ee-uu-amenazan-con-frenar-el-crecimiento-economico-nacional","status":"publish","type":"post","link":"https:\/\/consejoguerrero.gob.mx\/cpp\/2025\/04\/2941","title":{"rendered":"M\u00e9xico ante un nuevo embate comercial: Aranceles de EE. UU. amenazan con frenar el crecimiento econ\u00f3mico nacional"},"content":{"rendered":"<p style=\"font-size:16px\" class=\" eplus-wrapper eplus-styles-uid-08936c\">A partir de ma\u00f1ana 2 de abril de 2025, entrar\u00e1 en vigor un nuevo paquete de aranceles comerciales impulsado por el Gobierno de Estados Unidos, que promete desencadenar repercusiones profundas en la econom\u00eda global. M\u00e9xico, como socio estrat\u00e9gico y dependiente del comercio con el pa\u00eds vecino, enfrenta un escenario adverso con serias implicaciones para su crecimiento econ\u00f3mico, estabilidad cambiaria e inversi\u00f3n extranjera.<\/p>\n\n\n<figure class=\" wp-block-image size-large eplus-wrapper\"><img loading=\"lazy\" decoding=\"async\" width=\"1024\" height=\"531\" src=\"https:\/\/consejoguerrero.gob.mx\/cpp\/wp-content\/uploads\/2025\/03\/\u00bfQue-son-los-aranceles-1024x531.jpg\" alt=\"\" class=\"wp-image-2932\" srcset=\"https:\/\/consejoguerrero.gob.mx\/cpp\/wp-content\/uploads\/2025\/03\/\u00bfQue-son-los-aranceles-1024x531.jpg 1024w, https:\/\/consejoguerrero.gob.mx\/cpp\/wp-content\/uploads\/2025\/03\/\u00bfQue-son-los-aranceles-300x156.jpg 300w, https:\/\/consejoguerrero.gob.mx\/cpp\/wp-content\/uploads\/2025\/03\/\u00bfQue-son-los-aranceles-768x398.jpg 768w, https:\/\/consejoguerrero.gob.mx\/cpp\/wp-content\/uploads\/2025\/03\/\u00bfQue-son-los-aranceles-280x145.jpg 280w, https:\/\/consejoguerrero.gob.mx\/cpp\/wp-content\/uploads\/2025\/03\/\u00bfQue-son-los-aranceles.jpg 1120w\" sizes=\"auto, (max-width: 1024px) 100vw, 1024px\" \/><\/figure>\n\n\n<p style=\"font-size:16px\" class=\" eplus-wrapper eplus-styles-uid-08936c\"><strong>Medidas sin precedentes que alteran el equilibrio comercial<\/strong><\/p>\n\n<p style=\"font-size:16px\" class=\" eplus-wrapper eplus-styles-uid-08936c\">Entre las disposiciones m\u00e1s relevantes se encuentran:<br>\u2022 Aranceles rec\u00edprocos dirigidos a igualar las tarifas impuestas por terceros pa\u00edses, incluyendo M\u00e9xico.<br>\u2022 Grav\u00e1menes del 25% sobre acero, aluminio, autom\u00f3viles y autopartes, afectando directamente a industrias clave del pa\u00eds.<br>\u2022 Fin de las exenciones para productos conforme al T-MEC, lo que elimina los beneficios previos para exportaciones mexicanas.<br>\u2022 Penalizaciones indirectas mediante aranceles a pa\u00edses que comercian con Venezuela, ampliando el espectro de afectaci\u00f3n comercial.<\/p>\n\n<p style=\"font-size:16px\" class=\" eplus-wrapper eplus-styles-uid-08936c\"><strong>Impacto inmediato en la econom\u00eda mexicana<\/strong><\/p>\n\n<p style=\"font-size:16px\" class=\" eplus-wrapper eplus-styles-uid-08936c\">Las nuevas medidas afectan directamente sectores como el automotriz, agr\u00edcola, manufacturero y de construcci\u00f3n. De acuerdo con an\u00e1lisis recientes, se anticipa:<br>\u2022 Reducci\u00f3n del PIB mexicano, debido al descenso en exportaciones clave.<br>\u2022 Aumento de la inflaci\u00f3n, producto del encarecimiento de bienes importados.<br>\u2022 Disminuci\u00f3n de la inversi\u00f3n extranjera, ante la creciente incertidumbre comercial.<br>\u2022 Depreciaci\u00f3n del peso frente al d\u00f3lar, impactando el poder adquisitivo de la poblaci\u00f3n.<\/p>\n\n<p style=\"font-size:16px\" class=\" eplus-wrapper eplus-styles-uid-08936c\"><strong>Riesgo de una recesi\u00f3n econ\u00f3mica regional<\/strong><\/p>\n\n<p style=\"font-size:16px\" class=\" eplus-wrapper eplus-styles-uid-08936c\">Economistas advierten que las nuevas pol\u00edticas podr\u00edan marcar el inicio de una guerra comercial de gran escala, afectando las cadenas de suministro, elevando los precios al consumidor y deteriorando la confianza de inversionistas. El mercado financiero ya refleja este nerviosismo, con ca\u00eddas en los \u00edndices burs\u00e1tiles y desplazamientos hacia activos refugio.<\/p>\n\n<p style=\"font-size:16px\" class=\" eplus-wrapper eplus-styles-uid-08936c\"><strong>Llamado a la acci\u00f3n<\/strong><\/p>\n\n<p style=\"font-size:16px\" class=\" eplus-wrapper eplus-styles-uid-08936c\">El Gobierno de M\u00e9xico, as\u00ed como los sectores productivos y empresariales, deber\u00e1n implementar medidas urgentes de mitigaci\u00f3n y fortalecimiento del mercado interno. A la vez, se hacen necesarios esfuerzos diplom\u00e1ticos para renegociar condiciones y evitar una escalada que lleve a consecuencias m\u00e1s severas.<\/p>","protected":false},"excerpt":{"rendered":"<p>A partir de ma\u00f1ana 2 de abril de 2025, entrar\u00e1 en vigor un nuevo paquete de aranceles comerciales impulsado por el Gobierno de Estados Unidos, que promete desencadenar repercusiones profundas &#8230;<\/p>\n","protected":false},"author":3,"featured_media":2932,"comment_status":"closed","ping_status":"open","sticky":false,"template":"","format":"standard","meta":{"advgb_blocks_editor_width":"","advgb_blocks_columns_visual_guide":"","editor_plus_copied_stylings":"{}","footnotes":""},"categories":[18],"tags":[],"class_list":["post-2941","post","type-post","status-publish","format-standard","has-post-thumbnail","hentry","category-noticias"],"aioseo_notices":[],"author_meta":{"display_name":"Consejo Guerrero","author_link":"https:\/\/consejoguerrero.gob.mx\/cpp\/author\/consejo"},"featured_img":"https:\/\/consejoguerrero.gob.mx\/cpp\/wp-content\/uploads\/2025\/03\/\u00bfQue-son-los-aranceles-300x156.jpg","featured_image_src":"https:\/\/consejoguerrero.gob.mx\/cpp\/wp-content\/uploads\/2025\/03\/\u00bfQue-son-los-aranceles.jpg","featured_image_src_square":"https:\/\/consejoguerrero.gob.mx\/cpp\/wp-content\/uploads\/2025\/03\/\u00bfQue-son-los-aranceles.jpg","author_info":{"display_name":"Consejo Guerrero","author_link":"https:\/\/consejoguerrero.gob.mx\/cpp\/author\/consejo"},"rbea_author_info":{"display_name":"Consejo Guerrero","author_link":"https:\/\/consejoguerrero.gob.mx\/cpp\/author\/consejo"},"rbea_excerpt_info":"A partir de ma\u00f1ana 2 de abril de 2025, entrar\u00e1 en vigor un nuevo paquete de aranceles comerciales impulsado por el Gobierno de Estados Unidos, que promete desencadenar repercusiones profundas ...","category_list":"<a href=\"https:\/\/consejoguerrero.gob.mx\/cpp\/category\/noticias\" rel=\"category tag\">Noticias<\/a>","comments_num":"0 comments","coauthors":[],"tax_additional":{"categories":{"linked":["<a href=\"https:\/\/consejoguerrero.gob.mx\/cpp\/category\/noticias\" class=\"advgb-post-tax-term\">Noticias<\/a>"],"unlinked":["<span class=\"advgb-post-tax-term\">Noticias<\/span>"]}},"comment_count":"0","relative_dates":{"created":"Publicado 1 a\u00f1o hace","modified":"Actualizado 1 a\u00f1o hace"},"absolute_dates":{"created":"Publicado el abril 1, 2025","modified":"Actualizado el abril 1, 2025"},"absolute_dates_time":{"created":"Publicado el abril 1, 2025 3:36 pm","modified":"Actualizado el abril 1, 2025 4:32 pm"},"featured_img_caption":"","series_order":"","_links":{"self":[{"href":"https:\/\/consejoguerrero.gob.mx\/cpp\/wp-json\/wp\/v2\/posts\/2941","targetHints":{"allow":["GET"]}}],"collection":[{"href":"https:\/\/consejoguerrero.gob.mx\/cpp\/wp-json\/wp\/v2\/posts"}],"about":[{"href":"https:\/\/consejoguerrero.gob.mx\/cpp\/wp-json\/wp\/v2\/types\/post"}],"author":[{"embeddable":true,"href":"https:\/\/consejoguerrero.gob.mx\/cpp\/wp-json\/wp\/v2\/users\/3"}],"replies":[{"embeddable":true,"href":"https:\/\/consejoguerrero.gob.mx\/cpp\/wp-json\/wp\/v2\/comments?post=2941"}],"version-history":[{"count":1,"href":"https:\/\/consejoguerrero.gob.mx\/cpp\/wp-json\/wp\/v2\/posts\/2941\/revisions"}],"predecessor-version":[{"id":2942,"href":"https:\/\/consejoguerrero.gob.mx\/cpp\/wp-json\/wp\/v2\/posts\/2941\/revisions\/2942"}],"wp:featuredmedia":[{"embeddable":true,"href":"https:\/\/consejoguerrero.gob.mx\/cpp\/wp-json\/wp\/v2\/media\/2932"}],"wp:attachment":[{"href":"https:\/\/consejoguerrero.gob.mx\/cpp\/wp-json\/wp\/v2\/media?parent=2941"}],"wp:term":[{"taxonomy":"category","embeddable":true,"href":"https:\/\/consejoguerrero.gob.mx\/cpp\/wp-json\/wp\/v2\/categories?post=2941"},{"taxonomy":"post_tag","embeddable":true,"href":"https:\/\/consejoguerrero.gob.mx\/cpp\/wp-json\/wp\/v2\/tags?post=2941"}],"curies":[{"name":"wp","href":"https:\/\/api.w.org\/{rel}","templated":true}]}}